{"id":12843,"date":"2016-12-01T07:17:29","date_gmt":"2016-12-01T06:17:29","guid":{"rendered":"https:\/\/www.moha-swiss.com\/2017-a-renewal-year-for-moha\/"},"modified":"2016-12-01T07:38:32","modified_gmt":"2016-12-01T06:38:32","slug":"das-jahr-2017-steht-fur-moha-im-zeichen-der-erneuerung","status":"publish","type":"post","link":"https:\/\/www.moha-swiss.com\/de\/das-jahr-2017-steht-fur-moha-im-zeichen-der-erneuerung\/","title":{"rendered":"Das Jahr 2017 steht f\u00fcr Moha im Zeichen der Erneuerung !"},"content":{"rendered":"<p><\/br><br \/>\nWerte Kundin, werter Kunde, <\/p>\n<p><b>Das Jahr 2017 steht f\u00fcr Moha im Zeichen der Erneuerung!<\/b><br \/>\n<\/p>\n<p>Um unsere erfolgreiche Marke noch dynamischer zu gestalten und unsere Schwerpunkte Innovation und Qualit\u00e4t noch mehr zu betonen, haben wir ein neues Logo und ein klareres und wertigeres Verpackungsdesign entwickelt.<br \/>\n<br \/>\n<b>Die neuen Verpackungen werden im Laufe des n\u00e4chsten Jahres nach und nach auf den Markt kommen.<\/b><br \/>\n<br \/>\nAnbei sende ich Ihnen die Pr\u00e4sentation unseres neuen Logo- und Verpackungskonzeptes, so dass Sie dieses bereits jetzt als Vorpremiere entdecken k\u00f6nnen.<br \/>\n<\/br><\/p>\n<p style=\"text-align: center;\"><a href=\"https:\/\/www.moha-swiss.com\/wp-content\/uploads\/2016\/12\/07_SV_MOHA_BRANDING_DE.pdf\" target=\"_blank\" class=\"button primary is-outline is-small\" rel=\"noopener\" >\n\t\t<span>DOWNLOADEN SIE DIE PRASENTATION<\/span>\n\t<\/a>\n\n<p>Wir bedanken uns f\u00fcr die gute Zusammenarbeit und w\u00fcnschen Ihnen hervorragende Ums\u00e4tze zum Jahresende.<br \/>\n<\/br><\/p>\n<input class=\"fooboxshare_post_id\" type=\"hidden\" value=\"12843\"\/>","protected":false},"excerpt":{"rendered":"<p>Werte Kundin, werter Kunde, Das Jahr 2017 steht f\u00fcr Moha im Zeichen der Erneuerung! Um unsere erfolgreiche Marke noch dynamischer zu gestalten und unsere Schwerpunkte Innovation und Qualit\u00e4t noch mehr zu betonen, haben wir ein neues Logo und ein klareres und wertigeres Verpackungsdesign entwickelt. Die neuen Verpackungen werden im Laufe des n\u00e4chsten Jahres nach und [&#8230;]\n","protected":false},"author":10,"featured_media":12814,"comment_status":"closed","ping_status":"closed","sticky":false,"template":"","format":"standard","meta":{"footnotes":""},"categories":[17],"tags":[],"class_list":["post-12843","post","type-post","status-publish","format-standard","has-post-thumbnail","hentry","category-profi-corner"],"_links":{"self":[{"href":"https:\/\/www.moha-swiss.com\/de\/wp-json\/wp\/v2\/posts\/12843","targetHints":{"allow":["GET"]}}],"collection":[{"href":"https:\/\/www.moha-swiss.com\/de\/wp-json\/wp\/v2\/posts"}],"about":[{"href":"https:\/\/www.moha-swiss.com\/de\/wp-json\/wp\/v2\/types\/post"}],"author":[{"embeddable":true,"href":"https:\/\/www.moha-swiss.com\/de\/wp-json\/wp\/v2\/users\/10"}],"replies":[{"embeddable":true,"href":"https:\/\/www.moha-swiss.com\/de\/wp-json\/wp\/v2\/comments?post=12843"}],"version-history":[{"count":0,"href":"https:\/\/www.moha-swiss.com\/de\/wp-json\/wp\/v2\/posts\/12843\/revisions"}],"wp:featuredmedia":[{"embeddable":true,"href":"https:\/\/www.moha-swiss.com\/de\/wp-json\/wp\/v2\/media\/12814"}],"wp:attachment":[{"href":"https:\/\/www.moha-swiss.com\/de\/wp-json\/wp\/v2\/media?parent=12843"}],"wp:term":[{"taxonomy":"category","embeddable":true,"href":"https:\/\/www.moha-swiss.com\/de\/wp-json\/wp\/v2\/categories?post=12843"},{"taxonomy":"post_tag","embeddable":true,"href":"https:\/\/www.moha-swiss.com\/de\/wp-json\/wp\/v2\/tags?post=12843"}],"curies":[{"name":"wp","href":"https:\/\/api.w.org\/{rel}","templated":true}]}}